{"id":127,"date":"2021-01-27T19:43:47","date_gmt":"2021-01-27T18:43:47","guid":{"rendered":"https:\/\/novae-corpus.fr\/blog\/?p=127"},"modified":"2021-08-02T16:41:55","modified_gmt":"2021-08-02T14:41:55","slug":"un-lait-pas-si-maternel-que-ca","status":"publish","type":"post","link":"https:\/\/novae-corpus.fr\/blog\/un-lait-pas-si-maternel-que-ca\/","title":{"rendered":"Un lait pas si maternel que \u00e7a"},"content":{"rendered":"<p style=\"text-align: center;\"><span style=\"font-size: 14pt;\"><strong><span style=\"color: #cc99ff;\">Un Lait pas si Maternel que \u00e7a !<\/span><\/strong><\/span><\/p>\n<p><img loading=\"lazy\" decoding=\"async\" class=\"size-medium wp-image-128 aligncenter\" src=\"https:\/\/novae-corpus.fr\/wp-content\/uploads\/2021\/01\/vache-veau-300x200.png\" alt=\"\" width=\"300\" height=\"200\" srcset=\"https:\/\/novae-corpus.fr\/wp-content\/uploads\/2021\/01\/vache-veau-300x200.png 300w, https:\/\/novae-corpus.fr\/wp-content\/uploads\/2021\/01\/vache-veau-768x511.png 768w, https:\/\/novae-corpus.fr\/wp-content\/uploads\/2021\/01\/vache-veau-400x266.png 400w, https:\/\/novae-corpus.fr\/wp-content\/uploads\/2021\/01\/vache-veau.png 839w\" sizes=\"auto, (max-width: 300px) 100vw, 300px\" \/><\/p>\n<p style=\"text-align: center;\"><span style=\"color: #cc99ff; font-size: 12pt;\">Si l\u2019on reprend un slogan publicitaire connu et que nous le modifions de fa\u00e7on plus r\u00e9aliste<\/span><br \/>\n<span style=\"color: #cc99ff; font-size: 12pt;\">cela donnerait ceci :<\/span><br \/>\n<span style=\"font-size: 14pt;\"><strong><span style=\"color: #cc99ff;\">\u00ab Les produits laitiers sont nos Ennemis pour la vie \u00bb<\/span><\/strong><\/span><\/p>\n<p style=\"text-align: center;\"><img loading=\"lazy\" decoding=\"async\" class=\"alignnone wp-image-325\" src=\"https:\/\/novae-corpus.fr\/wp-content\/uploads\/2021\/07\/lait-de-vache-300x300.jpg\" alt=\"\" width=\"92\" height=\"92\" srcset=\"https:\/\/novae-corpus.fr\/wp-content\/uploads\/2021\/07\/lait-de-vache-300x300.jpg 300w, https:\/\/novae-corpus.fr\/wp-content\/uploads\/2021\/07\/lait-de-vache-150x150.jpg 150w, https:\/\/novae-corpus.fr\/wp-content\/uploads\/2021\/07\/lait-de-vache-301x300.jpg 301w, https:\/\/novae-corpus.fr\/wp-content\/uploads\/2021\/07\/lait-de-vache.jpg 476w\" sizes=\"auto, (max-width: 92px) 100vw, 92px\" \/><\/p>\n<p style=\"text-align: left;\"><span style=\"font-size: 12pt;\"><span style=\"color: #cc99ff; font-size: 14pt;\"><strong>E<\/strong><\/span>n effet, notre physiologie humaine semble nous rappeler qu\u2019\u00e0 un certain \u00e2ge, notre<\/span><br \/>\n<span style=\"font-size: 12pt;\">corps ne peut plus consommer de lait, mais surtout que notre corps n\u2019est pas capable<\/span><br \/>\n<span style=\"font-size: 12pt;\">d\u2019assimiler le lait d\u2019une autre esp\u00e8ce.<\/span><\/p>\n<p><span style=\"font-size: 12pt;\"><span style=\"font-size: 14pt; color: #cc99ff;\"><strong>C<\/strong><\/span>ette histoire commence \u00e0 l\u2019int\u00e9rieur de notre corps et concerne une<img loading=\"lazy\" decoding=\"async\" class=\"wp-image-143 alignright\" src=\"https:\/\/novae-corpus.fr\/wp-content\/uploads\/2021\/01\/vache-be\u0301be\u0301.png\" alt=\"\" width=\"230\" height=\"195\" \/><\/span><br \/>\n<span style=\"font-size: 12pt;\">enzyme nomm\u00e9 \u00ab <strong><span style=\"color: #cc99ff;\">Lactase<\/span><\/strong> \u00bb, cette enzyme permet de dissocier les<\/span><br \/>\n<span style=\"font-size: 12pt;\">prot\u00e9ines de lait que l\u2019on ing\u00e8re, elle transforme alors le lactose en<\/span><br \/>\n<span style=\"font-size: 12pt;\">glucose et en galactose afin d\u2019\u00eatre absorb\u00e9 par l\u2019organisme puis<\/span><br \/>\n<span style=\"font-size: 12pt;\">utilis\u00e9.<\/span><\/p>\n<p><span style=\"font-size: 12pt;\"><span style=\"color: #cc99ff; font-size: 14pt;\"><strong>N<\/strong><\/span>aturellement le corps suit ses besoins, l\u2019enzyme n\u2019a plus lieu<\/span><br \/>\n<span style=\"font-size: 12pt;\">d\u2019\u00eatre, il ne joue plus son r\u00f4le nutritif indispensable dans la phase de<\/span><br \/>\n<span style=\"font-size: 12pt;\">vie initiale d\u2019un nourrisson\ud83c\udf7c \ud83e\udd31 et sa pr\u00e9sence diminue petit \u00e0 petit.\u2198<\/span><\/p>\n<p>&nbsp;<\/p>\n<p><span style=\"font-size: 12pt;\"><span style=\"font-size: 14pt;\"><strong><span style=\"color: #cc99ff;\">C\u2019<\/span><\/strong><\/span>est la domestication des animaux producteurs de lait, qui provoque une<\/span><br \/>\n<span style=\"font-size: 12pt;\">mutation g\u00e9n\u00e9tique du g\u00e8ne, qui r\u00e9gule la production de lactase, malgr\u00e9 cela, la<\/span><br \/>\n<span style=\"font-size: 12pt;\">prot\u00e9ine de lait n\u2019est que partiellement dig\u00e9r\u00e9, elle parvient alors dans le<\/span><br \/>\n<span style=\"font-size: 12pt;\">gros intestin o\u00f9 elle fermente dans un milieu d\u00e9j\u00e0 riche en bact\u00e9ries.<img loading=\"lazy\" decoding=\"async\" class=\"wp-image-142 alignright\" src=\"https:\/\/novae-corpus.fr\/wp-content\/uploads\/2021\/01\/tonneau.png\" alt=\"\" width=\"74\" height=\"85\" \/><img loading=\"lazy\" decoding=\"async\" class=\"wp-image-302 alignright\" src=\"https:\/\/novae-corpus.fr\/wp-content\/uploads\/2021\/07\/bacteries-a-la-loupe-300x209.jpg\" alt=\"\" width=\"131\" height=\"91\" srcset=\"https:\/\/novae-corpus.fr\/wp-content\/uploads\/2021\/07\/bacteries-a-la-loupe-300x209.jpg 300w, https:\/\/novae-corpus.fr\/wp-content\/uploads\/2021\/07\/bacteries-a-la-loupe-400x278.jpg 400w, https:\/\/novae-corpus.fr\/wp-content\/uploads\/2021\/07\/bacteries-a-la-loupe.jpg 476w\" sizes=\"auto, (max-width: 131px) 100vw, 131px\" \/><\/span><\/p>\n<p>&nbsp;<\/p>\n<p><span style=\"font-size: 12pt;\"><span style=\"color: #cc99ff; font-size: 14pt;\"><strong>O<\/strong><\/span>n parle d\u2019intol\u00e9rance lorsque notre production de lactase est insuffisante pour la s\u00e9paration des mol\u00e9cules de lactose..<\/span><\/p>\n<p><span style=\"font-size: 12pt;\"><span style=\"color: #cc99ff; font-size: 14pt;\"><strong>D<\/strong><\/span>\u2019autre part, dans le lait d\u2019origine animale\ud83d\udc2e \ud83d\udc10 en plus du lactose il y a<\/span><br \/>\n<span style=\"font-size: 12pt;\">de la cas\u00e9ine.<\/span><\/p>\n<p><span style=\"font-size: 12pt;\"><span style=\"color: #cc99ff; font-size: 14pt;\"><strong>U<\/strong><\/span>ne prot\u00e9ine qui est hautement indigeste, sa quantit\u00e9 importante devient<\/span><br \/>\n<span style=\"font-size: 12pt;\">nocive pour le corps puisqu\u2019elle est difficilement assimilable et passe<\/span><br \/>\n<span style=\"font-size: 12pt;\">directement dans le sang.<\/span><\/p>\n<p><strong><span style=\"font-size: 14pt; color: #cc99ff;\">S<\/span><\/strong>e pr\u00e9sente alors comme troubles : gaz, ballonnements, crampes<img loading=\"lazy\" decoding=\"async\" class=\"wp-image-141 alignleft\" src=\"https:\/\/novae-corpus.fr\/wp-content\/uploads\/2021\/01\/malobide.png\" alt=\"\" width=\"131\" height=\"118\" \/><br \/>\nabdominales, diarrh\u00e9e, naus\u00e9es, maux de t\u00eate, fatigue, douleurs<br \/>\nmusculaires et articulaires, et bien d\u2019autres \u2026<\/p>\n<p>&nbsp;<\/p>\n<p>&nbsp;<\/p>\n<p><span style=\"font-size: 12pt;\"><span style=\"color: #cc99ff; font-size: 14pt;\"><strong>C<\/strong><\/span>ette consommation de prot\u00e9ines lact\u00e9es (lait d\u2019origine animale\ud83e\udd5b , yaourts, fromages<\/span><br \/>\n<span style=\"font-size: 12pt;\">\ud83e\uddc0 , \u2026), provoque par non assimilation et d\u00e9gradation de ces mol\u00e9cules dans l\u2019organisme<\/span><br \/>\n<span style=\"font-size: 12pt;\">divers pathologies (que nous allons voir dans un prochain article : Nous y verrons entre<\/span><br \/>\n<span style=\"font-size: 12pt;\">autre la mauvaise association \u201ccalcium \/ laitage\u201d).<\/span><\/p>\n<p><span style=\"font-size: 12pt;\"><span style=\"color: #cc99ff; font-size: 14pt;\"><strong>I<\/strong><\/span>l est bon d\u2019ajouter un point des plus importants dans l\u2019\u00e9tude de ce ph\u00e9nom\u00e8ne : la qualit\u00e9<\/span><br \/>\n<span style=\"font-size: 12pt;\">du lait consomm\u00e9.<\/span><\/p>\n<p><span style=\"font-size: 12pt;\"><span style=\"color: #cc99ff; font-size: 14pt;\"><strong>P<\/strong><\/span>our des questions de rendement et de confinement, le lait de notre brique, notre<\/span><br \/>\n<span style=\"font-size: 12pt;\">fromage ou notre yaourt <strong><span style=\"color: #cc99ff;\">re\u00e7oit des antibiotiques qui se retrouvent dans les produits<\/span><\/strong><\/span><br \/>\n<span style=\"font-size: 12pt;\"><strong><span style=\"color: #cc99ff;\">que nous consommons,<\/span><\/strong> un poison de plus qui s\u2019associe \u00e0 une nouvelle intoxication de<\/span><br \/>\n<span style=\"font-size: 12pt;\">notre organisme.<\/span><\/p>\n<p><img loading=\"lazy\" decoding=\"async\" class=\"size-medium wp-image-140 aligncenter\" src=\"https:\/\/novae-corpus.fr\/wp-content\/uploads\/2021\/01\/soyons-moins-lait-300x104.png\" alt=\"\" width=\"300\" height=\"104\" srcset=\"https:\/\/novae-corpus.fr\/wp-content\/uploads\/2021\/01\/soyons-moins-lait-300x104.png 300w, https:\/\/novae-corpus.fr\/wp-content\/uploads\/2021\/01\/soyons-moins-lait-400x138.png 400w, https:\/\/novae-corpus.fr\/wp-content\/uploads\/2021\/01\/soyons-moins-lait.png 625w\" sizes=\"auto, (max-width: 300px) 100vw, 300px\" \/><\/p>\n<p>&nbsp;<\/p>\n<p><span style=\"font-size: 12pt;\"><span style=\"color: #cc99ff; font-size: 14pt;\"><strong>L<\/strong><\/span>es informations en ce sens ne manquent pas sur la toile et dans les livres,<span style=\"text-decoration: underline; color: #cc99ff;\"> notre corps<\/span><\/span><br \/>\n<span style=\"font-size: 12pt;\"><span style=\"text-decoration: underline; color: #cc99ff;\">s\u2019adapte<\/span> continuellement \u00e0 nos d\u00e9rives,<\/span><\/p>\n<p style=\"text-align: center;\"><span style=\"font-size: 12pt;\"><strong><span style=\"color: #cc99ff;\">Mais est ce que nous lui pr\u00eatons un peu de temps pour nous adapter \u00e0<\/span><\/strong><\/span><br \/>\n<span style=\"font-size: 12pt;\"><strong><span style=\"color: #cc99ff;\">ses besoins ?<\/span><\/strong><\/span><\/p>\n<p style=\"text-align: left;\"><span style=\"color: #cc99ff; font-size: 14pt;\"><strong>N<\/strong><\/span><span style=\"font-size: 12pt;\"><strong><span style=\"color: #cc99ff;\">otre corps n\u2019a pas besoin de produits lact\u00e9s pour son bien-\u00eatre<\/span><\/strong>, cependant pour nos<\/span><br \/>\n<span style=\"font-size: 12pt;\">habitudes alimentaires et notre confort mental, il y a d\u2019autres alternatives, comme les laits<\/span><br \/>\n<span style=\"font-size: 12pt;\">v\u00e9g\u00e9taux, que nous pouvons d\u2019ailleurs faire nous-m\u00eame et qui peuvent \u00eatre d\u2019une grande<\/span><br \/>\n<span style=\"font-size: 12pt;\">aide, pour remplacer dans nos recettes le lait d\u2019origine animale.<\/span><\/p>\n<p style=\"text-align: left;\"><span style=\"font-size: 12pt;\"><span style=\"font-size: 14pt; color: #cc99ff;\">E<\/span>t trouver la juste mesure dans notre plaisir.<\/span><\/p>\n<p style=\"text-align: right;\"><em><strong><span style=\"font-size: 12pt; color: #cc99ff;\">Bien \u00e0 vous Karen R.\ud83c\udf3c le 23 octobre 2018<\/span><\/strong><\/em><\/p>\n<p>&nbsp;<\/p>\n","protected":false},"excerpt":{"rendered":"<p>Un Lait pas si Maternel que \u00e7a ! Si l\u2019on reprend un slogan publicitaire connu et que nous le modifions de fa\u00e7on plus r\u00e9aliste cela donnerait ceci : \u00ab Les &hellip; <a class=\"readmore\" href=\"https:\/\/novae-corpus.fr\/blog\/un-lait-pas-si-maternel-que-ca\/\">Continue Reading &rarr;<\/a><\/p>\n","protected":false},"author":2,"featured_media":128,"comment_status":"open","ping_status":"open","sticky":false,"template":"","format":"standard","meta":{"footnotes":""},"categories":[6],"tags":[38,41,33,37,34,36,39,29,35,40],"class_list":["post-127","post","type-post","status-publish","format-standard","has-post-thumbnail","hentry","category-alimentation","tag-assimilation","tag-fromage","tag-lait","tag-lait-maternel","tag-laitage","tag-produits-laitiers","tag-proteines-de-lait","tag-systeme-digestif","tag-vache","tag-yaourt"],"_links":{"self":[{"href":"https:\/\/novae-corpus.fr\/blog\/wp-json\/wp\/v2\/posts\/127","targetHints":{"allow":["GET"]}}],"collection":[{"href":"https:\/\/novae-corpus.fr\/blog\/wp-json\/wp\/v2\/posts"}],"about":[{"href":"https:\/\/novae-corpus.fr\/blog\/wp-json\/wp\/v2\/types\/post"}],"author":[{"embeddable":true,"href":"https:\/\/novae-corpus.fr\/blog\/wp-json\/wp\/v2\/users\/2"}],"replies":[{"embeddable":true,"href":"https:\/\/novae-corpus.fr\/blog\/wp-json\/wp\/v2\/comments?post=127"}],"version-history":[{"count":9,"href":"https:\/\/novae-corpus.fr\/blog\/wp-json\/wp\/v2\/posts\/127\/revisions"}],"predecessor-version":[{"id":357,"href":"https:\/\/novae-corpus.fr\/blog\/wp-json\/wp\/v2\/posts\/127\/revisions\/357"}],"wp:featuredmedia":[{"embeddable":true,"href":"https:\/\/novae-corpus.fr\/blog\/wp-json\/wp\/v2\/media\/128"}],"wp:attachment":[{"href":"https:\/\/novae-corpus.fr\/blog\/wp-json\/wp\/v2\/media?parent=127"}],"wp:term":[{"taxonomy":"category","embeddable":true,"href":"https:\/\/novae-corpus.fr\/blog\/wp-json\/wp\/v2\/categories?post=127"},{"taxonomy":"post_tag","embeddable":true,"href":"https:\/\/novae-corpus.fr\/blog\/wp-json\/wp\/v2\/tags?post=127"}],"curies":[{"name":"wp","href":"https:\/\/api.w.org\/{rel}","templated":true}]}}